{"id":946,"date":"2025-01-03T11:30:14","date_gmt":"2025-01-03T10:30:14","guid":{"rendered":"https:\/\/www.radio-of-magic.com\/?p=946"},"modified":"2025-04-01T12:26:04","modified_gmt":"2025-04-01T10:26:04","slug":"disney-music-festival-de-la-musique-des-costumes-et-des-souvenirs","status":"publish","type":"post","link":"https:\/\/www.radio-of-magic.com\/fr\/2025\/01\/disney-music-festival-de-la-musique-des-costumes-et-des-souvenirs\/","title":{"rendered":"Disney Music Festival, de la musique, des costumes et des souvenirs !"},"content":{"rendered":"<section class=\"l-section wpb_row height_auto width_full\"><div class=\"l-section-h i-cf\"><div class=\"g-cols vc_row via_flex valign_top type_default stacking_default\"><div class=\"vc_col-sm-12 wpb_column vc_column_container\"><div class=\"vc_column-inner\"><div class=\"wpb_wrapper\"><div class=\"wpb_text_column\"><div class=\"wpb_wrapper\"><p>Du 19 avril au 7 septembre 2025, l\u2019ensemble du Parc Disneyland va r\u00e9sonner de mille et une notes \u00e0 l\u2019occasion du Disney Music Festival, un \u00e9v\u00e9nement in\u00e9dit, 100% original, 100% Disneyland Paris que nous pr\u00e9sente Matthieu Robin, responsable cr\u00e9atif.<\/p>\n<h2><strong>Quel est l\u2019esprit du Disney Music Festival\u00a0?<\/strong><\/h2>\n<p>Avant tout, nous allons renouer avec la notion de festival \u00e0 Disneyland Paris, et ce autour de la musique. Il n\u2019y a pas une exp\u00e9rience Disney qui ne soit pas en lien avec elle, que ce soient les films, les dessins anim\u00e9s ou les exp\u00e9riences que l\u2019on peut vivre dans nos Parcs Disney. La musique fait partie de notre ADN.<\/p>\n<p>Nous avons aussi voulu rendre hommage avec la tradition fran\u00e7aise de la F\u00eate de la Musique. C\u2019est une inspiration tr\u00e8s forte pour notre festival, avec ce c\u00f4t\u00e9 populaire, au sens le plus noble du terme, dans lequel la musique tient le premier r\u00f4le. Le jour de la F\u00eate de la musique, tout le monde, professionnel comme amateur, peut venir pratiquer la musique. Ce qui fait la force de cette journ\u00e9e, c\u2019est que tout un chacun peut descendre dans la rue avec son instrument ou juste sa voix, et qu\u2019on peut partager des moments uniques tous ensemble autour de la musique. C\u2019est de cet \u00e9change que na\u00eet l\u2019\u00e9motion.<\/p>\n<p>Nous avons donc repris cette id\u00e9e de descendre dans la rue pour faire de la musique, \u00e0 la diff\u00e9rence que cette rue, pour nous, c\u2019est le Parc Disneyland dans son enti\u00e8ret\u00e9, avec pas moins de 12 activations r\u00e9parties dans les cinq Lands qui le composent, et ce tout au long de la journ\u00e9e. Ce sera une v\u00e9ritable profusion de rencontres, de musique et de partage.<\/p>\n<\/div><\/div><div class=\"w-separator size_small\"><\/div><div class=\"w-image align_left\"><div class=\"w-image-h\"><img decoding=\"async\" width=\"2048\" height=\"1152\" src=\"https:\/\/www.radio-of-magic.com\/wp-content\/uploads\/2025\/01\/Mickey-2048x1152-1.png\" class=\"attachment-full size-full\" alt=\"\" loading=\"lazy\" srcset=\"https:\/\/www.radio-of-magic.com\/wp-content\/uploads\/2025\/01\/Mickey-2048x1152-1.png 2048w, https:\/\/www.radio-of-magic.com\/wp-content\/uploads\/2025\/01\/Mickey-2048x1152-1-300x169.png 300w, https:\/\/www.radio-of-magic.com\/wp-content\/uploads\/2025\/01\/Mickey-2048x1152-1-1024x576.png 1024w, https:\/\/www.radio-of-magic.com\/wp-content\/uploads\/2025\/01\/Mickey-2048x1152-1-18x10.png 18w, https:\/\/www.radio-of-magic.com\/wp-content\/uploads\/2025\/01\/Mickey-2048x1152-1-888x500.png 888w\" sizes=\"auto, (max-width: 2048px) 100vw, 2048px\" \/><\/div><\/div><div class=\"w-separator size_small\"><\/div><div class=\"wpb_text_column\"><div class=\"wpb_wrapper\"><h2><strong>Pouvez-vous nous donner un aper\u00e7u de ce voyage musical qui nous attend \u00e0 travers le Parc Disneyland\u00a0?<\/strong><\/h2>\n<p>Nous allons commencer d\u00e8s le matin sur Main Street, U.S.A. avec l\u2019accueil de Mickey qui, pour l\u2019occasion, va porter une tenue sp\u00e9ciale imagin\u00e9e en interne par Malika Sif et son \u00e9quipe, avec des couleurs tr\u00e8s acidul\u00e9es.\u00a0\u00a0Il sera pr\u00e9sent sur le balcon de Main Street Station pour souhaiter la bienvenue \u00e0 tous nos visiteurs au son d\u2019une musique originale \u00e9crite pour l\u2019occasion. C\u2019est une des marques de fabrique de Disneyland Paris\u00a0: nous adorons c\u00e9l\u00e9brer la musique en cr\u00e9ant nos propres chansons. Mickey sera pr\u00e9sent tous les matins, ainsi que Minnie, qui marchera sans but pr\u00e9cis, selon sa fantaisie sur Main Street, U.S.A. en compagnie de\u00a0<em>La Fanfare de Minnie<\/em>.<\/p>\n<\/div><\/div><div class=\"w-separator size_small\"><\/div><div class=\"w-image align_left\"><div class=\"w-image-h\"><img decoding=\"async\" width=\"2048\" height=\"1366\" src=\"https:\/\/www.radio-of-magic.com\/wp-content\/uploads\/2025\/01\/Concept-DMF-6-2048x1366-1.jpg\" class=\"attachment-full size-full\" alt=\"\" loading=\"lazy\" srcset=\"https:\/\/www.radio-of-magic.com\/wp-content\/uploads\/2025\/01\/Concept-DMF-6-2048x1366-1.jpg 2048w, https:\/\/www.radio-of-magic.com\/wp-content\/uploads\/2025\/01\/Concept-DMF-6-2048x1366-1-300x200.jpg 300w, https:\/\/www.radio-of-magic.com\/wp-content\/uploads\/2025\/01\/Concept-DMF-6-2048x1366-1-1024x683.jpg 1024w, https:\/\/www.radio-of-magic.com\/wp-content\/uploads\/2025\/01\/Concept-DMF-6-2048x1366-1-18x12.jpg 18w, https:\/\/www.radio-of-magic.com\/wp-content\/uploads\/2025\/01\/Concept-DMF-6-2048x1366-1-888x592.jpg 888w\" sizes=\"auto, (max-width: 2048px) 100vw, 2048px\" \/><\/div><\/div><div class=\"w-separator size_small\"><\/div><div class=\"wpb_text_column\"><div class=\"wpb_wrapper\"><h2><strong>Il n\u2019y a pas que Mickey et ses amis. Les personnages des<\/strong> Grands<strong> Classiques seront aussi de la f\u00eate.<\/strong><\/h2>\n<p>Mary Poppins et Bert rejoindront en effet le \u00ab\u00a0Pearly Band\u00a0\u00bb sous le gazebo de Town Square. Cet ensemble unique, tout droit sorti du film, rassemblera cinq musiciens\u00a0<em>live<\/em>\u00a0qui accompagneront l\u2019arriv\u00e9e de nos visiteurs en interpr\u00e9tant un r\u00e9pertoire issu \u00e0 la fois du Classique de 1964 et du\u00a0<em>Retour de Mary Poppins<\/em>, sorti en 2018.<\/p>\n<\/div><\/div><div class=\"w-separator size_small\"><\/div><div class=\"w-image align_left\"><div class=\"w-image-h\"><img decoding=\"async\" width=\"1024\" height=\"1024\" src=\"https:\/\/www.radio-of-magic.com\/wp-content\/uploads\/2025\/01\/Concept-DMF-3-1024x1024-1.jpg\" class=\"attachment-full size-full\" alt=\"\" loading=\"lazy\" srcset=\"https:\/\/www.radio-of-magic.com\/wp-content\/uploads\/2025\/01\/Concept-DMF-3-1024x1024-1.jpg 1024w, https:\/\/www.radio-of-magic.com\/wp-content\/uploads\/2025\/01\/Concept-DMF-3-1024x1024-1-300x300.jpg 300w, https:\/\/www.radio-of-magic.com\/wp-content\/uploads\/2025\/01\/Concept-DMF-3-1024x1024-1-150x150.jpg 150w, https:\/\/www.radio-of-magic.com\/wp-content\/uploads\/2025\/01\/Concept-DMF-3-1024x1024-1-12x12.jpg 12w, https:\/\/www.radio-of-magic.com\/wp-content\/uploads\/2025\/01\/Concept-DMF-3-1024x1024-1-888x888.jpg 888w\" sizes=\"auto, (max-width: 1024px) 100vw, 1024px\" \/><\/div><\/div><div class=\"w-separator size_small\"><\/div><div class=\"wpb_text_column\"><div class=\"wpb_wrapper\"><h2><strong>Comme aux premiers temps de Disneyland Paris\u00a0!<\/strong><\/h2>\n<p>C\u2019est une grande joie\u00a0! C\u2019est une magnifique tradition des Parcs Disney qui remonte \u00e0 Walt Disney lui-m\u00eame\u00a0! Pour l\u2019occasion, Minnie va se positionner en leader charismatique de cette Fanfare pas comme les autres, compos\u00e9 de 12 musiciens en live et en acoustique, qui se produira plusieurs fois par jour. Minnie aura \u00e9galement une nouvelle tenue, qui reprendra l\u2019esth\u00e9tique du festival, tr\u00e8s compl\u00e9mentaire de celle de Mickey.<\/p>\n<\/div><\/div><div class=\"w-separator size_small\"><\/div><div class=\"w-image align_left\"><div class=\"w-image-h\"><img decoding=\"async\" width=\"2048\" height=\"1366\" src=\"https:\/\/www.radio-of-magic.com\/wp-content\/uploads\/2025\/01\/Concept-DMF-5-2048x1366-1.jpg\" class=\"attachment-full size-full\" alt=\"\" loading=\"lazy\" srcset=\"https:\/\/www.radio-of-magic.com\/wp-content\/uploads\/2025\/01\/Concept-DMF-5-2048x1366-1.jpg 2048w, https:\/\/www.radio-of-magic.com\/wp-content\/uploads\/2025\/01\/Concept-DMF-5-2048x1366-1-300x200.jpg 300w, https:\/\/www.radio-of-magic.com\/wp-content\/uploads\/2025\/01\/Concept-DMF-5-2048x1366-1-1024x683.jpg 1024w, https:\/\/www.radio-of-magic.com\/wp-content\/uploads\/2025\/01\/Concept-DMF-5-2048x1366-1-18x12.jpg 18w, https:\/\/www.radio-of-magic.com\/wp-content\/uploads\/2025\/01\/Concept-DMF-5-2048x1366-1-888x592.jpg 888w\" sizes=\"auto, (max-width: 2048px) 100vw, 2048px\" \/><\/div><\/div><div class=\"w-separator size_small\"><\/div><div class=\"wpb_text_column\"><div class=\"wpb_wrapper\"><h2><strong>Notre voyage se poursuit sur Central Plaza\u2026 avec Dingo\u00a0!<\/strong><\/h2>\n<p>Dingo quant \u00e0 lui sera chef d\u2019orchestre. Seulement\u2026 l\u2019orchestre n\u2019est pas l\u00e0. Il va donc se retrouver seul face au\u00a0<em>Ch\u00e2teau de la Belle au Bois Dormant<\/em>\u00a0et l\u2019orchestre va \u00eatre personnifi\u00e9 par les fontaines du Ch\u00e2teau. Il va alors se prendre au jeu, un peu dans l\u2019esprit des Films d\u2019Animation chers \u00e0 Walt Disney, au cours d\u2019une performance \u00ab\u00a0comico-symphonique\u00a0\u00bb\u00a0dont il a le secret !<\/p>\n<\/div><\/div><div class=\"w-separator size_small\"><\/div><div class=\"w-image align_left\"><div class=\"w-image-h\"><img decoding=\"async\" width=\"2048\" height=\"1152\" src=\"https:\/\/www.radio-of-magic.com\/wp-content\/uploads\/2025\/01\/Donald-Daisy-2048x1152-1.png\" class=\"attachment-full size-full\" alt=\"\" loading=\"lazy\" srcset=\"https:\/\/www.radio-of-magic.com\/wp-content\/uploads\/2025\/01\/Donald-Daisy-2048x1152-1.png 2048w, https:\/\/www.radio-of-magic.com\/wp-content\/uploads\/2025\/01\/Donald-Daisy-2048x1152-1-300x169.png 300w, https:\/\/www.radio-of-magic.com\/wp-content\/uploads\/2025\/01\/Donald-Daisy-2048x1152-1-1024x576.png 1024w, https:\/\/www.radio-of-magic.com\/wp-content\/uploads\/2025\/01\/Donald-Daisy-2048x1152-1-18x10.png 18w, https:\/\/www.radio-of-magic.com\/wp-content\/uploads\/2025\/01\/Donald-Daisy-2048x1152-1-888x500.png 888w\" sizes=\"auto, (max-width: 2048px) 100vw, 2048px\" \/><\/div><\/div><div class=\"w-separator size_small\"><\/div><div class=\"wpb_text_column\"><div class=\"wpb_wrapper\"><h2><strong>Donald et Daisy seront \u00e9galement pr\u00e9sents<\/strong><\/h2>\n<p>On les retrouvera dans la partie italienne de Fantasyland. C\u2019est la raison pour laquelle ils porteront des tenues inspir\u00e9es de la Comedia dell\u2019 arte, un peu comme Arlequin et Colombine. Pour nous, ils joueront une sorte de sayn\u00e8te accompagn\u00e9s d\u2019un accord\u00e9oniste\u00a0<em>live<\/em>\u00a0qui reprendra les plus grands th\u00e8mes du patrimoine Disney comme \u00ab\u00a0Bella Notte\u00a0\u00bb.<\/p>\n<\/div><\/div><div class=\"w-separator size_small\"><\/div><div class=\"w-image align_left\"><div class=\"w-image-h\"><img decoding=\"async\" width=\"2048\" height=\"1204\" src=\"https:\/\/www.radio-of-magic.com\/wp-content\/uploads\/2025\/01\/Concept-DMF-8-2048x1204-1.jpg\" class=\"attachment-full size-full\" alt=\"\" loading=\"lazy\" srcset=\"https:\/\/www.radio-of-magic.com\/wp-content\/uploads\/2025\/01\/Concept-DMF-8-2048x1204-1.jpg 2048w, https:\/\/www.radio-of-magic.com\/wp-content\/uploads\/2025\/01\/Concept-DMF-8-2048x1204-1-300x176.jpg 300w, https:\/\/www.radio-of-magic.com\/wp-content\/uploads\/2025\/01\/Concept-DMF-8-2048x1204-1-1024x602.jpg 1024w, https:\/\/www.radio-of-magic.com\/wp-content\/uploads\/2025\/01\/Concept-DMF-8-2048x1204-1-18x12.jpg 18w, https:\/\/www.radio-of-magic.com\/wp-content\/uploads\/2025\/01\/Concept-DMF-8-2048x1204-1-888x522.jpg 888w\" sizes=\"auto, (max-width: 2048px) 100vw, 2048px\" \/><\/div><\/div><div class=\"w-separator size_small\"><\/div><div class=\"wpb_text_column\"><div class=\"wpb_wrapper\"><h2><strong>Nous voyagerons \u00e9galement dans le temps\u2026<\/strong><\/h2>\n<p>Effectivement. Nous aurons une animation avec Raiponce et Flynn au niveau de Fantasyland, derri\u00e8re\u00a0<em>The Old Mill<\/em>, accompagn\u00e9s d\u2019un groupe folklorique de 4 musiciens, dans l\u2019esprit d\u2019une f\u00eate de village. L\u2019inspiration de cette rencontre autour des th\u00e8mes du compositeur Alan Menken nous est venue de la sc\u00e8ne du film dans laquelle Raiponce, Pascal, Flynn et Maximus arrivent dans le royaume de Corona et d\u00e9couvrent la vie d\u2019un village en pleine c\u00e9l\u00e9bration.<\/p>\n<\/div><\/div><div class=\"w-separator size_small\"><\/div><div class=\"w-image align_left\"><div class=\"w-image-h\"><img decoding=\"async\" width=\"2048\" height=\"1152\" src=\"https:\/\/www.radio-of-magic.com\/wp-content\/uploads\/2025\/01\/Concept-DMF-7-2048x1152-1.jpeg\" class=\"attachment-full size-full\" alt=\"\" loading=\"lazy\" srcset=\"https:\/\/www.radio-of-magic.com\/wp-content\/uploads\/2025\/01\/Concept-DMF-7-2048x1152-1.jpeg 2048w, https:\/\/www.radio-of-magic.com\/wp-content\/uploads\/2025\/01\/Concept-DMF-7-2048x1152-1-300x169.jpeg 300w, https:\/\/www.radio-of-magic.com\/wp-content\/uploads\/2025\/01\/Concept-DMF-7-2048x1152-1-1024x576.jpeg 1024w, https:\/\/www.radio-of-magic.com\/wp-content\/uploads\/2025\/01\/Concept-DMF-7-2048x1152-1-18x10.jpeg 18w, https:\/\/www.radio-of-magic.com\/wp-content\/uploads\/2025\/01\/Concept-DMF-7-2048x1152-1-888x500.jpeg 888w\" sizes=\"auto, (max-width: 2048px) 100vw, 2048px\" \/><\/div><\/div><div class=\"w-separator size_small\"><\/div><div class=\"wpb_text_column\"><div class=\"wpb_wrapper\"><p><strong>Le Disney Music Festival est aussi un voyage \u00e0 travers les cultures du monde.\u00a0<\/strong><\/p>\n<p>Tout \u00e0 fait. L\u2019Am\u00e9rique du Sud sera \u00e0 l\u2019honneur avec \u00ab Miguel\u2019s Fiesta Latina \u00bb (\u00ab La f\u00eate latine de Miguel \u00bb) \u00e0 Frontierland. Il s\u2019agit d\u2019un groupe de mariachis rassembl\u00e9s autour de Miguel, le h\u00e9ros de <em>Coco<\/em>\u00a0qui, pour la premi\u00e8re fois \u00e0 Disneyland Paris, rev\u00eatira pr\u00e9cis\u00e9ment sa tenue de mariachi. Nous sommes vraiment tr\u00e8s heureux de le retrouver ainsi avec sa nouvelle garde-robe.<\/p>\n<p>Vaiana accueillera pour sa part nos visiteurs \u00e0 Adventureland. Ce sera une rencontre musicale autour de la danse. Ce sera l\u2019occasion pour Vaiana de danser avec nos visiteurs et de leur apprendre certains des pas embl\u00e9matiques de l\u2019\u00eele de Motunui.<\/p>\n<p>Et toujours \u00e0 Adventureland, nous aurons le grand plaisir de retrouver la \u00ab\u00a0Timon\u2019s Matadance\u00a0\u00bb, cr\u00e9\u00e9e \u00e0 l\u2019occasion du\u00a0<em>Festival du Roi lion et de la Jungle<\/em>\u00a0en 2019. Bien s\u00fbr Timon, Pumbaa et Zazu seront l\u00e0, mais comme nous sommes dans le cadre d\u2019un festival musical, nous aurons \u00e9galement des percussionnistes\u00a0<em>live<\/em>\u00a0qui se joindront \u00e0 la bande-son du spectacle. Cela apportera une nouvelle dimension \u00e0 cette exp\u00e9rience d\u00e9j\u00e0 pl\u00e9biscit\u00e9e par nos visiteurs \u00e0 l\u2019\u00e9poque, et que nous sommes ravis de retrouver cette ann\u00e9e.<\/p>\n<\/div><\/div><div class=\"w-separator size_small\"><\/div><div class=\"w-grid us_grid type_grid layout_gallery_default cols_2 preload_style_spinner\" id=\"us_grid_1\" style=\"--columns:2;--gap:1.5rem;\" data-filterable=\"true\"><style>@media (max-width:600px){#us_grid_1{--columns:1!important}}.layout_gallery_default .w-grid-item-h{}<\/style><div class=\"w-grid-list\">\t<article class=\"w-grid-item size_1x1 post-956 attachment type-attachment status-inherit hentry\" data-id=\"956\">\r\n\t\t<div class=\"w-grid-item-h\">\r\n\t\t\t\t\t\t<div class=\"w-post-elm post_image usg_post_image_1 stretched\"><img loading=\"lazy\" decoding=\"async\" width=\"1024\" height=\"574\" src=\"https:\/\/www.radio-of-magic.com\/wp-content\/uploads\/2025\/01\/Concept-DMF-9-2048x1148-1-1024x574.jpeg\" class=\"attachment-large size-large\" alt=\"\" srcset=\"https:\/\/www.radio-of-magic.com\/wp-content\/uploads\/2025\/01\/Concept-DMF-9-2048x1148-1-1024x574.jpeg 1024w, https:\/\/www.radio-of-magic.com\/wp-content\/uploads\/2025\/01\/Concept-DMF-9-2048x1148-1-300x168.jpeg 300w, https:\/\/www.radio-of-magic.com\/wp-content\/uploads\/2025\/01\/Concept-DMF-9-2048x1148-1-18x10.jpeg 18w, https:\/\/www.radio-of-magic.com\/wp-content\/uploads\/2025\/01\/Concept-DMF-9-2048x1148-1-888x498.jpeg 888w, https:\/\/www.radio-of-magic.com\/wp-content\/uploads\/2025\/01\/Concept-DMF-9-2048x1148-1.jpeg 2048w\" sizes=\"auto, (max-width: 1024px) 100vw, 1024px\" \/><\/div>\t\t<\/div>\r\n\t\t\t<\/article>\r\n\t<article class=\"w-grid-item size_1x1 post-957 attachment type-attachment status-inherit hentry\" data-id=\"957\">\r\n\t\t<div class=\"w-grid-item-h\">\r\n\t\t\t\t\t\t<div class=\"w-post-elm post_image usg_post_image_1 stretched\"><img loading=\"lazy\" decoding=\"async\" width=\"1024\" height=\"683\" src=\"https:\/\/www.radio-of-magic.com\/wp-content\/uploads\/2025\/01\/Concept-DMF-181-2048x1365-1-1024x683.jpg\" class=\"attachment-large size-large\" alt=\"\" srcset=\"https:\/\/www.radio-of-magic.com\/wp-content\/uploads\/2025\/01\/Concept-DMF-181-2048x1365-1-1024x683.jpg 1024w, https:\/\/www.radio-of-magic.com\/wp-content\/uploads\/2025\/01\/Concept-DMF-181-2048x1365-1-300x200.jpg 300w, https:\/\/www.radio-of-magic.com\/wp-content\/uploads\/2025\/01\/Concept-DMF-181-2048x1365-1-18x12.jpg 18w, https:\/\/www.radio-of-magic.com\/wp-content\/uploads\/2025\/01\/Concept-DMF-181-2048x1365-1-888x592.jpg 888w, https:\/\/www.radio-of-magic.com\/wp-content\/uploads\/2025\/01\/Concept-DMF-181-2048x1365-1.jpg 2048w\" sizes=\"auto, (max-width: 1024px) 100vw, 1024px\" \/><\/div>\t\t<\/div>\r\n\t\t\t<\/article>\r\n<\/div>\t<div class=\"w-grid-preloader\">\r\n\t\t<div class=\"g-preloader type_1\">\r\n\t\t\t<div><\/div>\r\n\t\t<\/div>\r\n\t<\/div>\r\n\t\t<div class=\"w-grid-json hidden\" onclick='return {&quot;action&quot;:&quot;us_ajax_grid&quot;,&quot;infinite_scroll&quot;:0,&quot;max_num_pages&quot;:1,&quot;pagination&quot;:&quot;none&quot;,&quot;template_vars&quot;:{&quot;columns&quot;:&quot;2&quot;,&quot;exclude_items&quot;:&quot;none&quot;,&quot;img_size&quot;:&quot;default&quot;,&quot;ignore_items_size&quot;:0,&quot;items_layout&quot;:&quot;gallery_default&quot;,&quot;items_offset&quot;:&quot;1&quot;,&quot;load_animation&quot;:&quot;none&quot;,&quot;overriding_link&quot;:&quot;{\\&quot;url\\&quot;:\\&quot;\\&quot;}&quot;,&quot;post_id&quot;:0,&quot;query_args&quot;:{&quot;post_type&quot;:[&quot;attachment&quot;],&quot;post__in&quot;:[&quot;957&quot;,&quot;956&quot;],&quot;post_status&quot;:&quot;inherit&quot;,&quot;post_mime_type&quot;:&quot;image&quot;,&quot;posts_per_page&quot;:&quot;2&quot;},&quot;orderby_query_args&quot;:{&quot;orderby&quot;:&quot;RAND(1777782446)&quot;},&quot;type&quot;:&quot;grid&quot;,&quot;us_grid_post_type&quot;:&quot;attachment&quot;,&quot;us_grid_ajax_index&quot;:1,&quot;us_grid_filter_query_string&quot;:null,&quot;us_grid_index&quot;:1,&quot;page_args&quot;:[]}}'><\/div>\r\n\t<\/div><div class=\"w-separator size_small\"><\/div><div class=\"wpb_text_column\"><div class=\"wpb_wrapper\"><h2><strong>Que se passera-t-il du c\u00f4t\u00e9 de Discoveryland\u00a0?<\/strong><\/h2>\n<p>Nous aurons une rencontre avec Stitch au niveau de l\u2019Arcade B\u00eata qui se trouve \u00e0 Videopolis et qui, comme vous pouvez l\u2019imaginer, nous surprendra avec son hommage tr\u00e8s personnel \u00e0 la musique !<\/p>\n<p>Sans oublier le \u00ab Disney Music Hits Concert \u00bb (\u00ab Le concert des hits musicaux Disney \u00bb) \u00e0 <em>Videopolis Theatre<\/em>, un concert rock pour toute la famille\u00a0! Il y aura 11 artistes sur sc\u00e8ne, 6 instrumentistes et 5 chanteurs, tous en\u00a0<em>live<\/em>, pour une vraie revue, un vrai hommage aux classiques intemporels de Disney, mais pas seulement. Ce sera un voyage \u00e0 travers l\u2019histoire de la musique Disney, des premi\u00e8res ann\u00e9es aux tout derniers tubes comme \u00ab\u00a0Nobody Like U\u00a0\u00bb extrait d\u2019<em>Alerte Rouge\u00a0<\/em>ou encore \u00ab\u00a0Try Everything\u00a0\u00bb, la chanson de Gazelle dans\u00a0<em>Zootopie<\/em>, en passant par l\u2019\u00e2ge d\u2019or des com\u00e9dies musicales anim\u00e9es des ann\u00e9es 1990, le tout revisit\u00e9 fa\u00e7on \u00ab\u00a0pop-rock\u00a0\u00bb. Il y en aura donc pour tous les \u00e2ges, toutes les g\u00e9n\u00e9rations et tous les go\u00fbts autour de ce patrimoine musical incroyable de Disney\u2026<\/p>\n<p><strong>Comment tous ces \u00e9v\u00e9nements sont-ils connect\u00e9s\u00a0?<\/strong><\/p>\n<p>Vous l\u2019avez compris, ce festival est un hommage \u00e0 la diversit\u00e9 de la musique, que l\u2019on c\u00e9l\u00e8brera sous toutes ses formes. Le lien entre toutes ces activations, ce sera la chanson originale que nous sommes en train de cr\u00e9er. Ce ne sera pas un single diffus\u00e9 de fa\u00e7on uniforme dans le parc. Au contraire, elle sera d\u00e9clin\u00e9e en 12 versions diff\u00e9rentes, 12 arrangements, chacun avec sa propre orchestration, pour chacune des activations auxquelles nous allons pouvoir participer. Ce sera comme un logo, un mantra que l\u2019on va retrouver \u00e0 travers toutes ces d\u00e9clinaisons culturelles, et dans toute la diversit\u00e9 de la musique.<\/p>\n<p>Une autre surprise attend nos visiteurs, grands et petits, en fin de journ\u00e9e. Nous donnons rendez-vous \u00e0 tout le monde sur Central Plaza pour le \u00ab\u00a0Le Final du Grand Orchestre\u00a0\u00bb. Ce sera la somme de toutes les activations de la journ\u00e9e rassembl\u00e9es pour un moment unique. Tous les artistes vont alors se retrouver au m\u00eame endroit pour c\u00e9l\u00e9brer la richesse de la musique et l\u2019id\u00e9e de partage. Tout le monde, dans une sorte de symbiose, va transformer notre chanson en un v\u00e9ritable hymne. Il y aura une sorte d\u2019alliance, de compl\u00e9mentarit\u00e9 entre toutes les \u00e9nergies et tous les univers qui se sont exprim\u00e9s auparavant au service d\u2019un final spectaculaire, comme le point d\u2019orgue d\u2019une journ\u00e9e d\u00e9j\u00e0 riche en \u00e9motions musicales.<\/p>\n<p>Et apr\u00e8s notre nouveau spectacle nocturne,\u00a0<em>Disney Tales of Magic<\/em>* (Disney et la magie des contes), on retrouvera Mickey qui sera pr\u00e9sent au premier \u00e9tage de la gare pour saluer nos visiteurs au son de notre chanson originale dans un dernier arrangement in\u00e9dit. De quoi finir la journ\u00e9e en beaut\u00e9 !<\/p>\n<\/div><\/div><div class=\"w-separator size_small\"><\/div><div class=\"w-image align_left\"><div class=\"w-image-h\"><img decoding=\"async\" width=\"1920\" height=\"1080\" src=\"https:\/\/www.radio-of-magic.com\/wp-content\/uploads\/2025\/01\/DMF-VDEF-FR.jpg\" class=\"attachment-full size-full\" alt=\"\" loading=\"lazy\" srcset=\"https:\/\/www.radio-of-magic.com\/wp-content\/uploads\/2025\/01\/DMF-VDEF-FR.jpg 1920w, https:\/\/www.radio-of-magic.com\/wp-content\/uploads\/2025\/01\/DMF-VDEF-FR-300x169.jpg 300w, https:\/\/www.radio-of-magic.com\/wp-content\/uploads\/2025\/01\/DMF-VDEF-FR-1024x576.jpg 1024w, https:\/\/www.radio-of-magic.com\/wp-content\/uploads\/2025\/01\/DMF-VDEF-FR-18x10.jpg 18w, https:\/\/www.radio-of-magic.com\/wp-content\/uploads\/2025\/01\/DMF-VDEF-FR-888x500.jpg 888w\" sizes=\"auto, (max-width: 1920px) 100vw, 1920px\" \/><\/div><\/div><div class=\"w-separator size_small\"><\/div><div class=\"wpb_text_column\"><div class=\"wpb_wrapper\"><h2><strong>Ce programme semble tr\u00e8s interactif !<\/strong><\/h2>\n<p>Il est tr\u00e8s important pour nous que les visiteurs soient partie-prenante dans ce festival. Nous avons imagin\u00e9 toutes ces activations de mani\u00e8re \u00e0 ce que nos visiteurs puissent se sentir engag\u00e9s, \u00e0 l\u2019image de la F\u00eate de la Musique qui nous a inspir\u00e9s. Musiciens et Personnages Disney viendront \u00e0 la rencontre des visiteurs, pour partager leur univers. Ils pourront danser, chanter et faire la f\u00eate tous ensemble.<\/p>\n<p><strong>Avec toutes ces activations tr\u00e8s diverses, le Disney Music Festival offre un bel \u00e9quilibre entre l\u2019intime et le spectaculaire.\u00a0<\/strong><\/p>\n<p>On se souvient tous de moments qui nous ont impressionn\u00e9s, mais \u00e9galement de petits d\u00e9tails qui nous ont touch\u00e9s. Nous avons \u00e9t\u00e9 tr\u00e8s attentifs \u00e0 l\u2019organisation de nos activations de mani\u00e8re \u00e0 v\u00e9ritablement \u00ab\u00a0rythmer\u00a0\u00bb la journ\u00e9e en passant d\u2019une \u00e9nergie \u00e0 une autre. Dans un Parc Disney, il est tr\u00e8s important d\u2019avoir des points de contact tr\u00e8s forts avec nos visiteurs, et cela passe avant tout par nos Cast Members. Il y a toujours des spectacles de grande ampleur comme\u00a0<em>Disney<\/em>\u00a0<em>Tales of Magic<\/em>, mais nous prenons grand soin de m\u00e9nager dans le m\u00eame temps des moments plus intimes qui font aussi partie de l\u2019exp\u00e9rience Disney.<\/p>\n<h2><strong>C\u2019est aussi une heureuse rencontre entre l\u2019authenticit\u00e9 et la cr\u00e9ation<\/strong><\/h2>\n<p>Nous avons tenu \u00e0 \u00eatre sinc\u00e8res et authentiques dans notre d\u00e9marche. L\u2019id\u00e9e, c\u2019est de pr\u00e9server l\u2019identit\u00e9 et la personnalit\u00e9 de chaque style pour mieux immerger nos visiteurs au c\u0153ur des diff\u00e9rentes cultures c\u00e9l\u00e9br\u00e9es dans nos films et dans nos parcs. Quand on d\u00e9couvre Miguel aux c\u00f4t\u00e9s de vrais mariachis \u00e0 c\u00f4t\u00e9 du restaurant\u00a0<em>Casa de Coco<\/em>, cela fait sens. De m\u00eame pour Raiponce et ses musiciens folkloriques \u00e0 Fantasyland. On prolonge en musique ce qui a \u00e9t\u00e9 cr\u00e9\u00e9 architecturalement par les Imagineers en 1992. Et dans le m\u00eame temps, plus de 30 ans apr\u00e8s, on arrive encore \u00e0 se r\u00e9inventer, \u00e0 cr\u00e9er quelque chose de nouveau.<\/p>\n<p>C\u2019est le message de notre grand final et c\u2019est dans ce sens que travaillent nos \u00e9quipes musicales\u00a0: Roger Butterley et Tim Heintz, qui ont cr\u00e9\u00e9 les musiques du\u00a0<em>Rythme de la Jungle<\/em>. Nous travaillons en ce moment-m\u00eame tous ensemble pour faire en sorte que l\u2019identit\u00e9 de chaque univers musical soit respect\u00e9e tout en compl\u00e9tant les autres, de mani\u00e8re \u00e0 cr\u00e9er quelque chose de totalement in\u00e9dit. C\u2019est comme si on rassemblait des bulles toutes diff\u00e9rentes qui explosent finalement dans une union globale. C\u2019est une m\u00e9taphore du monde, via la musique.<\/p>\n<h2><strong>Pour imaginer et mettre en sc\u00e8ne un tel programme, c\u2019est un vrai travail d\u2019\u00e9quipe<\/strong><\/h2>\n<p>Vous l\u2019avez compris, le mot-clef de ce festival, c\u2019est la profusion. C\u2019est un programme extr\u00eamement riche, avec toutes sortes d\u2019activations\u00a0: des petits moments de surprise, des animations inattendues ou de vrais rendez-vous \u00e0 plus grande \u00e9chelle comme notre grand \u00e9v\u00e9nement de fin de journ\u00e9e qui compte pr\u00e8s de 80 participants\u00a0!<\/p>\n<p>Pour cela nous b\u00e9n\u00e9ficions d\u2019une \u00e9quipe formidable : le festival est dirig\u00e9 par nos metteurs en sc\u00e8ne Christine Mellet et Louisa Kriouche, et l\u2019on retrouve aussi Arnaud Feredj aux commandes de \u00ab\u00a0Timon\u2019s Matadance\u00a0\u00bb qu\u2019il avait cr\u00e9\u00e9 en 2019. La production est assur\u00e9e par Floriane Fajoux et ses \u00e9quipes, avec le concours de toutes les \u00e9quipes techniques de Disneyland Paris.<\/p>\n<p>Le programme musical est dirig\u00e9 par Samuel S\u00e9n\u00e9, chef d\u2019orchestre, et Guillaume Coignard, responsable du d\u00e9partement musique. Nous avons aussi la chance de retrouver Thomas Maurion, auteur avec qui nous collaborons r\u00e9guli\u00e8rement, et qui met sa plume au profit de nos diff\u00e9rentes activations \u00e0 travers le parc.<\/p>\n<\/div><\/div><div class=\"w-separator size_small\"><\/div><div class=\"w-image align_left\"><div class=\"w-image-h\"><img decoding=\"async\" width=\"2048\" height=\"1152\" src=\"https:\/\/www.radio-of-magic.com\/wp-content\/uploads\/2025\/01\/VDEF-MERCH-2048x1152-1.png\" class=\"attachment-full size-full\" alt=\"\" loading=\"lazy\" srcset=\"https:\/\/www.radio-of-magic.com\/wp-content\/uploads\/2025\/01\/VDEF-MERCH-2048x1152-1.png 2048w, https:\/\/www.radio-of-magic.com\/wp-content\/uploads\/2025\/01\/VDEF-MERCH-2048x1152-1-300x169.png 300w, https:\/\/www.radio-of-magic.com\/wp-content\/uploads\/2025\/01\/VDEF-MERCH-2048x1152-1-1024x576.png 1024w, https:\/\/www.radio-of-magic.com\/wp-content\/uploads\/2025\/01\/VDEF-MERCH-2048x1152-1-18x10.png 18w, https:\/\/www.radio-of-magic.com\/wp-content\/uploads\/2025\/01\/VDEF-MERCH-2048x1152-1-888x500.png 888w\" sizes=\"auto, (max-width: 2048px) 100vw, 2048px\" \/><\/div><\/div><div class=\"w-separator size_small\"><\/div><div class=\"wpb_text_column\"><div class=\"wpb_wrapper\"><p><strong>Le Disney Music Festival, ce n\u2019est pas seulement des rencontres. La f\u00eate se prolonge aussi \u00e0 travers des produits d\u00e9riv\u00e9s d\u00e9di\u00e9s et m\u00eame des exp\u00e9riences culinaires.<\/strong><\/p>\n<p>Pour encadrer visuellement tout ce festival, Thomas Gallou, Sc\u00e9nographe au sein de Disneyland Paris, a mis au point\u2026 une superbe charte graphique qui reprend ces couleurs acidul\u00e9es et ces d\u00e9grad\u00e9s qu\u2019on trouve sur le costume de Mickey et Minnie, et bien s\u00fbr sur le logo de l\u2019\u00e9v\u00e9nement. Ce fut une belle collaboration avec toutes les entit\u00e9s impliqu\u00e9es. Cette charte graphique cr\u00e9\u00e9e par le d\u00e9partement Spectacles s\u2019est infus\u00e9e dans le style de la communication. Nous avons aussi beaucoup travaill\u00e9 avec nos coll\u00e8gues de Merchandise pour cr\u00e9er des produits 100% en lien avec le festival, peluches et objets divers. C\u2019est une mani\u00e8re de prolonger l\u2019exp\u00e9rience et de rendre hommage \u00e0 la musique sous toutes ses formes, y compris \u00e0 travers la restauration, avec toutes sortes de produits souvenirs aux couleurs du festival. Nous avons eu beaucoup de chance de nouer ces collaborations. Pour le coup, on peut vraiment dire qu\u2019on a travaill\u00e9 de concert !<\/p>\n<\/div><\/div><\/div><\/div><\/div><\/div><\/div><\/section><section class=\"l-section wpb_row height_small width_full\"><div class=\"l-section-h i-cf\"><div class=\"g-cols vc_row via_flex valign_top type_default stacking_default\"><div class=\"vc_col-sm-12 wpb_column vc_column_container\"><div class=\"vc_column-inner\"><div class=\"wpb_wrapper\"><div class=\"w-html\"><!--<div class=\"ad\">\n<script type=\"text\/javascript\">\nvar uri = 'https:\/\/impfr.tradedoubler.com\/imp?type(img)g(24343566)a(3222311)' + new String (Math.random()).substring (2, 11);\ndocument.write('<a href=\"https:\/\/clk.tradedoubler.com\/click?p=19240&a=3222311&g=24343566\" target=\"_BLANK\"><img decoding=\"async\" src=\"'+uri+'\" border=0><\/a>');\n<\/script>\n<div class=\"ad-mention\"><a href=\"\/mentions-legales#monetisation\" target=\"_blank\">Publicit\u00e9 - En cliquant sur la publicit\u00e9 et en r\u00e9servant un billet ou un s\u00e9jour, vous nous aidez \u00e0 financer le site et la webradio - en savoir plus<\/a><\/div>\n<\/div>--><\/div><div class=\"w-actionbox us_custom_d95097ae cta_dmf color_light controls_right\"><div class=\"w-actionbox-text\"><h4 class=\"w-actionbox-title\">Cet \u00e9t\u00e9, vibrez au rythme de Disney Music Festival !<\/h4><div class=\"w-actionbox-description\"><h4 class=\"sc-9d50454a-0 fhctOI\" data-size=\"body-l\" data-variant=\"black\" data-fantasia-ds=\"Typography\"><strong>S\u00e9jour H\u00f4tel + Billets Parcs pour 190 \u20ac<\/strong> par personne et par nuit *<\/h4>\n<p><small>Exemple de prix pour 3 jours \/ 2 nuits au Disney Hotel Cheyenne, 2 adultes &amp; 2 enfants\u200b, pour des arriv\u00e9es du 5 au 20 juillet 2025.<\/small><\/p>\n<\/div><\/div><div class=\"w-actionbox-controls\"><a class=\"w-btn us-btn-style_26\" target=\"_blank\" rel=\"nofollow\" href=\"https:\/\/clk.tradedoubler.com\/click?p=19240&amp;a=3222311&amp;g=24476440\"><span class=\"w-btn-label\">R\u00e9server mon s\u00e9jour<\/span><\/a><\/div><\/div><div class=\"w-separator size_small\"><\/div><div class=\"wpb_text_column us_custom_88242101\"><div class=\"wpb_wrapper\"><p>* Exemple de prix sujet \u00e0 variation selon le moment de la r\u00e9servation, arrondi \u00e0 l\u2019euro sup\u00e9rieur, calcul\u00e9 en divisant le prix total du s\u00e9jour de <i>1 518.38\u20ac<\/i> par 4 personnes (2 adultes et 2 enfants de 3-11 ans) et 2 nuits. Pour des arriv\u00e9es du 5 au 20 juillet 2025 en chambre Standard. Soumis \u00e0 disponibilit\u00e9. Conditions sur <a href=\"https:\/\/clk.tradedoubler.com\/click?p=19240&amp;a=3222311&amp;g=25792690\">DisneylandParis.com<\/a><br \/>\n<img decoding=\"async\" src=\"https:\/\/imp.tradedoubler.com\/imp?type(inv)g(25792690)a(3222311)\" \/><\/p>\n<\/div><\/div><div class=\"w-html\"><img decoding=\"async\" src=\"https:\/\/imp.tradedoubler.com\/imp?type(inv)g(25792690)a(3222311)\"><\/div><\/div><\/div><\/div><\/div><\/div><\/section>\n","protected":false},"excerpt":{"rendered":"","protected":false},"author":1,"featured_media":958,"comment_status":"closed","ping_status":"closed","sticky":false,"template":"","format":"standard","meta":{"footnotes":""},"categories":[3],"tags":[],"class_list":["post-946","post","type-post","status-publish","format-standard","has-post-thumbnail","hentry","category-parc-disneyland"],"_links":{"self":[{"href":"https:\/\/www.radio-of-magic.com\/fr\/wp-json\/wp\/v2\/posts\/946","targetHints":{"allow":["GET"]}}],"collection":[{"href":"https:\/\/www.radio-of-magic.com\/fr\/wp-json\/wp\/v2\/posts"}],"about":[{"href":"https:\/\/www.radio-of-magic.com\/fr\/wp-json\/wp\/v2\/types\/post"}],"author":[{"embeddable":true,"href":"https:\/\/www.radio-of-magic.com\/fr\/wp-json\/wp\/v2\/users\/1"}],"replies":[{"embeddable":true,"href":"https:\/\/www.radio-of-magic.com\/fr\/wp-json\/wp\/v2\/comments?post=946"}],"version-history":[{"count":8,"href":"https:\/\/www.radio-of-magic.com\/fr\/wp-json\/wp\/v2\/posts\/946\/revisions"}],"predecessor-version":[{"id":996,"href":"https:\/\/www.radio-of-magic.com\/fr\/wp-json\/wp\/v2\/posts\/946\/revisions\/996"}],"wp:featuredmedia":[{"embeddable":true,"href":"https:\/\/www.radio-of-magic.com\/fr\/wp-json\/wp\/v2\/media\/958"}],"wp:attachment":[{"href":"https:\/\/www.radio-of-magic.com\/fr\/wp-json\/wp\/v2\/media?parent=946"}],"wp:term":[{"taxonomy":"category","embeddable":true,"href":"https:\/\/www.radio-of-magic.com\/fr\/wp-json\/wp\/v2\/categories?post=946"},{"taxonomy":"post_tag","embeddable":true,"href":"https:\/\/www.radio-of-magic.com\/fr\/wp-json\/wp\/v2\/tags?post=946"}],"curies":[{"name":"wp","href":"https:\/\/api.w.org\/{rel}","templated":true}]}}