{"id":419,"date":"2021-06-16T18:39:09","date_gmt":"2021-06-16T16:39:09","guid":{"rendered":"https:\/\/www.radio-of-magic.com\/?p=419"},"modified":"2021-06-16T18:42:09","modified_gmt":"2021-06-16T16:42:09","slug":"un-jour-mon-prince-viendra-chante-par-un-homme","status":"publish","type":"post","link":"https:\/\/www.radio-of-magic.com\/fr\/2021\/06\/un-jour-mon-prince-viendra-chante-par-un-homme\/","title":{"rendered":"\u00ab\u00a0Un jour, mon prince viendra\u00a0\u00bb, chant\u00e9 par un homme !"},"content":{"rendered":"\n<p>Retour sur une vid\u00e9o promotionnelle diffus\u00e9e en juin 2020 \u00e0 l&rsquo;occasion de la (premi\u00e8re) r\u00e9ouverture en juillet de Disneyland Paris apr\u00e8s le premier confinement du printemps 2020.<\/p>\n\n\n\n<p>Depuis&nbsp;1937&nbsp;et la sortie de&nbsp;<em>Blanche-Neige et les Sept Nains<\/em>, cette m\u00e9lodie est connue par des g\u00e9n\u00e9rations d&rsquo;enfants ayant un jour regard\u00e9 un dessin anim\u00e9 Disney. \u00ab&nbsp;Un jour, mon prince viendra&nbsp;\u00bb est un incontournable de cet univers enchant\u00e9 et jusqu&rsquo;\u00e0 pr\u00e9sent il \u00e9tait entonn\u00e9, la plupart du temps, par des voix f\u00e9minines, plus ou moins cristallines. Dans une&nbsp;vid\u00e9o promotionnelle diffus\u00e9e sur YouTube en juin 2020, intitul\u00e9e \u00ab\u00a0La magie n&rsquo;existe pas sans vous\u00a0\u00bb, Disneyland Paris a souhait\u00e9 faire bouger les choses, alors que le Mois des Fiert\u00e9s, \u00e0 l&rsquo;occasion duquel sont notamment c\u00e9l\u00e9br\u00e9es les gay prides dans le monde entier, venait de prendre&nbsp;fin.<\/p>\n\n\n\n<figure class=\"wp-block-embed is-type-video is-provider-youtube wp-block-embed-youtube wp-embed-aspect-16-9 wp-has-aspect-ratio\"><div class=\"wp-block-embed__wrapper\">\n<iframe loading=\"lazy\" title=\"Version fran\u00e7aise | La magie n&#039;existe pas sans vous \u2728 spot TV 2020 Disneyland Paris\" width=\"640\" height=\"360\" src=\"https:\/\/www.youtube.com\/embed\/2DrVnUSSB20?feature=oembed\" frameborder=\"0\" allow=\"accelerometer; autoplay; clipboard-write; encrypted-media; gyroscope; picture-in-picture\" allowfullscreen><\/iframe>\n<\/div><\/figure>\n\n\n\n<p>Dans ce spot publicitaire, c&rsquo;est d\u00e9sormais un homme qui reprend le c\u00e9l\u00e8bre refrain de Blanche-Neige. Une grande premi\u00e8re pour la multinationale et une fa\u00e7on pour Disneyland Paris de c\u00e9l\u00e9brer la communaut\u00e9 LGBTQIA+ alors qu&rsquo;il n&rsquo;a pas pu, pour raison de pand\u00e9mie, organiser la deuxi\u00e8me \u00e9dition de sa \u00ab&nbsp;Magical Pride&nbsp;\u00bb pendant le Mois des Fiert\u00e9s en 2020. Ce spot met en sc\u00e8ne une vue a\u00e9rienne du ch\u00e2teau bien connu de la Belle au Bois Dormant.<\/p>\n","protected":false},"excerpt":{"rendered":"<p>Retour sur une vid\u00e9o promotionnelle diffus\u00e9e en juin 2020 \u00e0 l&rsquo;occasion de la (premi\u00e8re) r\u00e9ouverture en juillet de Disneyland Paris apr\u00e8s le premier confinement du printemps 2020. Depuis&nbsp;1937&nbsp;et la sortie de&nbsp;Blanche-Neige et les Sept Nains, cette m\u00e9lodie est connue par des g\u00e9n\u00e9rations d&rsquo;enfants ayant un jour regard\u00e9 un dessin anim\u00e9 Disney. \u00ab&nbsp;Un jour, mon prince&#8230;<\/p>\n","protected":false},"author":1,"featured_media":422,"comment_status":"closed","ping_status":"closed","sticky":false,"template":"","format":"standard","meta":{"footnotes":""},"categories":[15],"tags":[],"class_list":["post-419","post","type-post","status-publish","format-standard","has-post-thumbnail","hentry","category-musiques"],"_links":{"self":[{"href":"https:\/\/www.radio-of-magic.com\/fr\/wp-json\/wp\/v2\/posts\/419","targetHints":{"allow":["GET"]}}],"collection":[{"href":"https:\/\/www.radio-of-magic.com\/fr\/wp-json\/wp\/v2\/posts"}],"about":[{"href":"https:\/\/www.radio-of-magic.com\/fr\/wp-json\/wp\/v2\/types\/post"}],"author":[{"embeddable":true,"href":"https:\/\/www.radio-of-magic.com\/fr\/wp-json\/wp\/v2\/users\/1"}],"replies":[{"embeddable":true,"href":"https:\/\/www.radio-of-magic.com\/fr\/wp-json\/wp\/v2\/comments?post=419"}],"version-history":[{"count":3,"href":"https:\/\/www.radio-of-magic.com\/fr\/wp-json\/wp\/v2\/posts\/419\/revisions"}],"predecessor-version":[{"id":423,"href":"https:\/\/www.radio-of-magic.com\/fr\/wp-json\/wp\/v2\/posts\/419\/revisions\/423"}],"wp:featuredmedia":[{"embeddable":true,"href":"https:\/\/www.radio-of-magic.com\/fr\/wp-json\/wp\/v2\/media\/422"}],"wp:attachment":[{"href":"https:\/\/www.radio-of-magic.com\/fr\/wp-json\/wp\/v2\/media?parent=419"}],"wp:term":[{"taxonomy":"category","embeddable":true,"href":"https:\/\/www.radio-of-magic.com\/fr\/wp-json\/wp\/v2\/categories?post=419"},{"taxonomy":"post_tag","embeddable":true,"href":"https:\/\/www.radio-of-magic.com\/fr\/wp-json\/wp\/v2\/tags?post=419"}],"curies":[{"name":"wp","href":"https:\/\/api.w.org\/{rel}","templated":true}]}}